{"id":1025,"date":"2023-07-05T14:55:40","date_gmt":"2023-07-05T14:55:40","guid":{"rendered":"https:\/\/lapescaatavola.it\/?p=1025"},"modified":"2023-07-05T14:56:30","modified_gmt":"2023-07-05T14:56:30","slug":"coldiretti-dopo-cinque-anni-la-pesca-di-verona-si-riprende-il-marchio-igp","status":"publish","type":"post","link":"https:\/\/lapescaatavola.it\/?p=1025","title":{"rendered":"Coldiretti, dopo cinque anni la Pesca di Verona si riprende il marchio IGP"},"content":{"rendered":"<p>VANTINI, ORA IL GIUSTO RICONOSCIMENTO ECONOMICO AI PRODUTTORI<br \/>\nVerona, 30 giugno 2023 \u2013 Un altro passo fondamentale verso il rilancio dell\u2019Igp della Pesca di Verona \u00e8 stato fatto lo scorso 28 giugno con il Decreto n. 0337590 attraverso il quale il Ministero dell\u2019Agricoltura, della Sovranit\u00e0 Alimentare e delle Foreste ha conferito a CSQA srl di Thiene l\u2019incarico di ente certificatore.<br \/>\nAndando con ordine: la Pesca di Verona ha ottenuto l\u2019Igp nel 2000 ma nei vent\u2019anni successivi la superficie dedicata alla coltura si \u00e8 ridotta di oltre 3000 ettari fino ad arrivare a poco pi\u00f9 di 1200 ettari nel 2022 (- 5,5% rispetto al 2021). In Veneto, dove la produzione veronese rappresenta l\u201985% dell\u2019intera regione, il calo \u00e8 stato addirittura del 6,9 %. Diverse le cause del declino, come per esempio il virus Sharka (Plum pox virus) che a partire dal 1990 ha causato danni per milioni di euro nella nostra provincia, ma anche la sostituzione delle piante con la pi\u00f9 redditizia coltivazione di kiwi (coltura ora a sua volta in crisi a causa della moria che ha decimato gli impianti) o, ancora, la pesante concorrenza dei produttori pi\u00f9 a sud, sia in Italia che all\u2019estero, come la Spagna.<br \/>\nIl 2018 \u00e8 stato l\u2019anno in cui i produttori, ingessati da un disciplinare oramai desueto, hanno dismesso l\u2019utilizzo del marchio. Per cinque anni, dunque, la Pesca di Verona \u00e8 rimasta senza identit\u00e0 e senza prospettive, in balia degli attacchi virali e del mercato in picchiata. Come se non bastasse, anche i cambiamenti climatici, con gelate che non hanno lasciato scampo, hanno dato il colpo di grazia a questa coltura. Fino a quando nel 2021 Coldiretti Verona con i suoi tecnici e i dirigenti pi\u00f9 illuminati, ha deciso di intervenire per invertire la rotta e salvare cos\u00ec dall\u2019estirpo i pescheti ancora attivi. Con l\u2019istituzione del Gruppo di lavoro della \u201cpesca di Verona\u201d, nel 2022 ha dato voce e corpo alle necessit\u00e0 dettate dalle aziende che ancora credono alla peschicoltura veronese.<br \/>\nLa squadra sta lavorando sulla revisione del disciplinare di produzione, oramai inadatto alle attuali coltivazioni: basti pensare che l\u2019elenco varietale risale addirittura al 1995. La cancellazione di alcune variet\u00e0 oramai fuori mercato e l\u2019inserimento di nuove e pi\u00f9 adatte \u00e8 uno dei primi passi da compiere. \u201cIn questa fase \u2013 interviene il Presidente di Coldiretti Verona Alex Vantini &#8211; si avverte la mancanza di un centro sperimentale ortofrutticolo nella nostra provincia che dia risposte concrete ai nostri peschicoltori indirizzandoli verso scelte varietali di qualit\u00e0 e commercialmente vincenti\u201d. \u201cCon l\u2019affidamento del ruolo di controllore al CSQA \u2013 continua Vantini \u2013 \u00e8 stato compiuto un passo di estrema rilevanza perch\u00e9 finalmente ora si pu\u00f2 ridare un\u2019identit\u00e0 a un prodotto che ci rappresenta sia storicamente che culturalmente. Ora ci aspettiamo che i produttori abbiano il giusto riconoscimento economico\u201d.<br \/>\nDa stasera (venerd\u00ec 30 giugno), conclusi i controlli da parte del nuovo ente certificatore, la Pesca di Verona prodotta dalle sei aziende che hanno fatto richiesta di certificazione potr\u00e0 fregiarsi di nuovo, dopo cinque anni, del marchio IGP. \u201cSi \u00e8 persa l\u2019occasione di marchiare le variet\u00e0 precoci \u2013 ha detto Giorgio Girardi, Responsabile settore ortofrutta di Coldiretti Verona e coordinatore del Gruppo pesca &#8211; ma le medie-tardive sono salve ed \u00e8 lecito pensare che potranno essere commercializzate con quotazioni di tutto rispetto\u201d. \u201cI prezzi ora \u2013 ha continuato Girardi \u2013 sono abbastanza buoni, complici il freddo e le forti piogge al sud, ma attendiamo i primi giorni di luglio, quando si entrer\u00e0 nel pieno della commercializzazione del prodotto veronese\u201d.<br \/>\nIl prossimo passo sar\u00e0 la ricostituzione del Consorzio di tutela che, seguendo la rotta del declino del marchio, ha chiuso i battenti nel 2022. \u201cI documenti sono gi\u00e0 pronti\u201d ha chiosato Girardi.<\/p>\n<p>&nbsp;<\/p>\n<p>Ufficio Comunicazione Aziendale e Relazioni Esterne<br \/>\nResponsabile: Chiara Gozzo<br \/>\n392\/4206798<br \/>\ncomunicazione.verona@coldiretti.it<\/p>\n","protected":false},"excerpt":{"rendered":"<p>VANTINI, ORA IL GIUSTO RICONOSCIMENTO ECONOMICO AI PRODUTTORI Verona, 30 giugno 2023 \u2013 Un altro passo fondamentale verso il rilancio dell\u2019Igp della Pesca di Verona \u00e8 stato fatto lo scorso 28 giugno con il Decreto n. 0337590 attraverso il quale il Ministero dell\u2019Agricoltura, della Sovranit\u00e0 Alimentare e delle Foreste ha conferito a CSQA srl di&hellip;<\/p>\n","protected":false},"author":1,"featured_media":0,"comment_status":"closed","ping_status":"closed","sticky":false,"template":"","format":"standard","meta":{"jetpack_post_was_ever_published":false,"_jetpack_newsletter_access":"","_jetpack_dont_email_post_to_subs":false,"_jetpack_newsletter_tier_id":0,"_jetpack_memberships_contains_paywalled_content":false,"_jetpack_memberships_contains_paid_content":false,"footnotes":"","jetpack_publicize_message":"","jetpack_publicize_feature_enabled":true,"jetpack_social_post_already_shared":true,"jetpack_social_options":{"image_generator_settings":{"template":"highway","default_image_id":0,"enabled":false},"version":2}},"categories":[13],"tags":[],"class_list":["post-1025","post","type-post","status-publish","format-standard","hentry","category-senza-categoria-it"],"jetpack_publicize_connections":[],"jetpack_featured_media_url":"","jetpack_sharing_enabled":true,"jetpack_shortlink":"https:\/\/wp.me\/p9XN0S-gx","_links":{"self":[{"href":"https:\/\/lapescaatavola.it\/index.php?rest_route=\/wp\/v2\/posts\/1025","targetHints":{"allow":["GET"]}}],"collection":[{"href":"https:\/\/lapescaatavola.it\/index.php?rest_route=\/wp\/v2\/posts"}],"about":[{"href":"https:\/\/lapescaatavola.it\/index.php?rest_route=\/wp\/v2\/types\/post"}],"author":[{"embeddable":true,"href":"https:\/\/lapescaatavola.it\/index.php?rest_route=\/wp\/v2\/users\/1"}],"replies":[{"embeddable":true,"href":"https:\/\/lapescaatavola.it\/index.php?rest_route=%2Fwp%2Fv2%2Fcomments&post=1025"}],"version-history":[{"count":2,"href":"https:\/\/lapescaatavola.it\/index.php?rest_route=\/wp\/v2\/posts\/1025\/revisions"}],"predecessor-version":[{"id":1027,"href":"https:\/\/lapescaatavola.it\/index.php?rest_route=\/wp\/v2\/posts\/1025\/revisions\/1027"}],"wp:attachment":[{"href":"https:\/\/lapescaatavola.it\/index.php?rest_route=%2Fwp%2Fv2%2Fmedia&parent=1025"}],"wp:term":[{"taxonomy":"category","embeddable":true,"href":"https:\/\/lapescaatavola.it\/index.php?rest_route=%2Fwp%2Fv2%2Fcategories&post=1025"},{"taxonomy":"post_tag","embeddable":true,"href":"https:\/\/lapescaatavola.it\/index.php?rest_route=%2Fwp%2Fv2%2Ftags&post=1025"}],"curies":[{"name":"wp","href":"https:\/\/api.w.org\/{rel}","templated":true}]}}